{"id":2897,"date":"2025-06-17T00:01:58","date_gmt":"2025-06-16T22:01:58","guid":{"rendered":"https:\/\/www.esfz.nat.uni-erlangen.de\/esfzweb\/?p=2897"},"modified":"2025-09-29T20:38:42","modified_gmt":"2025-09-29T18:38:42","slug":"van-de-graaff-generator-marke-eigenbau","status":"publish","type":"post","link":"https:\/\/www.esfz.nat.uni-erlangen.de\/esfzweb\/2025\/06\/17\/van-de-graaff-generator-marke-eigenbau\/","title":{"rendered":"Van-de-Graaff-Generator Marke Eigenbau"},"content":{"rendered":"\n<p>In der Forschungswoche war mein Ziel, hohe Spannungen mit Hilfe eines Van-de-Graaff-Generators zu erzeugen. Zu Beginn habe ich den Aufbau grob umgesetzt, also einen passenden Motor gesucht, die Nylonstr\u00fcmpfe zu dem Band des Generators zusammengeklebt und die zwei Metallsch\u00fcsseln zu einer Kugel zusammengeklebt. Dann wurden die Kapazit\u00e4t und die gespeicherte Energie berechnet, welche beide innerhalb der Sicherheitsnormen lagen. Anschlie\u00dfend habe ich die Besen zur Elektronenaufnahme und -abgabe aus aufgespreizten Dr\u00e4hten in den Aufbau aufgenommen, und der Van-de-Graaff-Generator wurde in Betrieb genommen. Wider meiner Erwartung funktionierte dieser schon beim ersten richtigen Versuch. Im weiteren Verlauf der Woche unternahm ich weitere Optimierungen am Aufbau. Alle Metalloberfl\u00e4chen, die im direkten Kontakt zum Generator standen, wurden isoliert. Auch tauschte ich die obere und untere Rolle, auf der das Band l\u00e4uft, gegen Rohre mit gr\u00f6\u00dferem Durchmesser aus, um gr\u00f6\u00dfere Reibung zu erzeugen. Auch ein zweites Paar Besen wurde angef\u00fcgt, jedoch f\u00fchrten diese Verbesserungen kaum zur Verbesserung der Leistung des Generators, da diese eben auch an die Kapazit\u00e4t der Kugel gekoppelt ist, welche mit Isolierband verbessert wurde. Jedoch h\u00e4tte eine gr\u00f6\u00dfere Kugel wahrscheinlich den gr\u00f6\u00dften Einfluss. Doch meine Erwartungen an meinen eigenen Aufbau aus gr\u00f6\u00dftenteils Haushaltsmaterialien habe ich weit \u00fcbertroffen und erzeugte Blitze, die bis zu 2 cm lang waren. Auch andere elektrostatische Effekte konnten beobachtet werden.<\/p>\n\n\n\n<figure class=\"wp-block-image size-large\"><a href=\"\/esfzweb\/esfz\/uploads\/2025\/06\/P1010041-scaled.jpg\" rel=\"lightbox[2897]\"><img loading=\"lazy\" decoding=\"async\" width=\"1024\" height=\"683\" src=\"\/esfzweb\/esfz\/uploads\/2025\/06\/P1010041-1024x683.jpg\" alt=\"\" class=\"wp-image-2864\" srcset=\"\/esfzweb\/esfz\/uploads\/2025\/06\/P1010041-1024x683.jpg 1024w, \/esfzweb\/esfz\/uploads\/2025\/06\/P1010041-300x200.jpg 300w, \/esfzweb\/esfz\/uploads\/2025\/06\/P1010041-768x512.jpg 768w, \/esfzweb\/esfz\/uploads\/2025\/06\/P1010041-1536x1024.jpg 1536w, \/esfzweb\/esfz\/uploads\/2025\/06\/P1010041-2048x1365.jpg 2048w\" sizes=\"auto, (max-width: 1024px) 100vw, 1024px\" \/><\/a><\/figure>\n\n\n\n<p><strong>Jonathan Bauernschmidt<\/strong><\/p>\n","protected":false},"excerpt":{"rendered":"<p>In der Forschungswoche war mein Ziel, hohe Spannungen mit Hilfe eines Van-de-Graaff-Generators zu erzeugen. Zu Beginn habe ich den Aufbau grob umgesetzt, also einen passenden Motor gesucht, die Nylonstr\u00fcmpfe zu dem Band des Generators zusammengeklebt und die zwei Metallsch\u00fcsseln zu&hellip; <\/p>\n","protected":false},"author":11,"featured_media":0,"comment_status":"closed","ping_status":"closed","sticky":false,"template":"","format":"standard","meta":{"footnotes":""},"categories":[55],"tags":[],"class_list":["post-2897","post","type-post","status-publish","format-standard","hentry","category-forschungscamp-fasching-2025"],"_links":{"self":[{"href":"https:\/\/www.esfz.nat.uni-erlangen.de\/esfzweb\/wp-json\/wp\/v2\/posts\/2897","targetHints":{"allow":["GET"]}}],"collection":[{"href":"https:\/\/www.esfz.nat.uni-erlangen.de\/esfzweb\/wp-json\/wp\/v2\/posts"}],"about":[{"href":"https:\/\/www.esfz.nat.uni-erlangen.de\/esfzweb\/wp-json\/wp\/v2\/types\/post"}],"author":[{"embeddable":true,"href":"https:\/\/www.esfz.nat.uni-erlangen.de\/esfzweb\/wp-json\/wp\/v2\/users\/11"}],"replies":[{"embeddable":true,"href":"https:\/\/www.esfz.nat.uni-erlangen.de\/esfzweb\/wp-json\/wp\/v2\/comments?post=2897"}],"version-history":[{"count":2,"href":"https:\/\/www.esfz.nat.uni-erlangen.de\/esfzweb\/wp-json\/wp\/v2\/posts\/2897\/revisions"}],"predecessor-version":[{"id":2899,"href":"https:\/\/www.esfz.nat.uni-erlangen.de\/esfzweb\/wp-json\/wp\/v2\/posts\/2897\/revisions\/2899"}],"wp:attachment":[{"href":"https:\/\/www.esfz.nat.uni-erlangen.de\/esfzweb\/wp-json\/wp\/v2\/media?parent=2897"}],"wp:term":[{"taxonomy":"category","embeddable":true,"href":"https:\/\/www.esfz.nat.uni-erlangen.de\/esfzweb\/wp-json\/wp\/v2\/categories?post=2897"},{"taxonomy":"post_tag","embeddable":true,"href":"https:\/\/www.esfz.nat.uni-erlangen.de\/esfzweb\/wp-json\/wp\/v2\/tags?post=2897"}],"curies":[{"name":"wp","href":"https:\/\/api.w.org\/{rel}","templated":true}]}}