{"id":2673,"date":"2024-10-20T22:32:26","date_gmt":"2024-10-20T20:32:26","guid":{"rendered":"https:\/\/www.esfz.nat.uni-erlangen.de\/esfzweb\/?p=2673"},"modified":"2024-10-20T22:55:32","modified_gmt":"2024-10-20T20:55:32","slug":"bestimmung-der-teekonzentration-im-wasser-mit-fotospektrometer","status":"publish","type":"post","link":"https:\/\/www.esfz.nat.uni-erlangen.de\/esfzweb\/2024\/10\/20\/bestimmung-der-teekonzentration-im-wasser-mit-fotospektrometer\/","title":{"rendered":"Bestimmung der Teekonzentration im Wasser mit Fotospektrometer"},"content":{"rendered":"\n<p>In meinem Projekt habe ich mit einem Fotospektrometer die Ver\u00e4nderung der Farbe des Teewassers \u00fcber l\u00e4ngere Zeit gemessen. Dazu habe ich ein Fotospektrometer und ein Thermometer mit CASS verbunden. Danach habe ich eine Gl\u00fchlampe gegen\u00fcber dem Spektrometer platziert und dazwischen einen Glasbeh\u00e4lter gestellt. Als ich dann im Raum die Deckenleuchte ausgemacht habe, war die einzige Lichtquelle die Gl\u00fchlampe. Anschlie\u00dfend habe ich das Glas mit hei\u00dfem Wasser gef\u00fcllt und den CASSy gestartet. Das maximale Lux habe ich an nur dem Wasser festgelegt und dann den Teebeutel ins Wasser gegeben. Dadurch wurde das Wasser \u00fcber die Zeit dunkler und das Licht, das am Spektrometer ankam, schw\u00e4cher. Nachdem ich dies einige Male gemessen hatte, habe ich dann auch Parameter wie Temperatur und Zeitdauer ge\u00e4ndert.<\/p>\n\n\n\n<figure class=\"wp-block-image size-large\"><a href=\"\/esfzweb\/esfz\/uploads\/2024\/09\/P1000511-scaled.jpg\" rel=\"lightbox[2673]\"><img loading=\"lazy\" decoding=\"async\" width=\"1024\" height=\"683\" src=\"\/esfzweb\/esfz\/uploads\/2024\/09\/P1000511-1024x683.jpg\" alt=\"\" class=\"wp-image-2575\" srcset=\"\/esfzweb\/esfz\/uploads\/2024\/09\/P1000511-1024x683.jpg 1024w, \/esfzweb\/esfz\/uploads\/2024\/09\/P1000511-300x200.jpg 300w, \/esfzweb\/esfz\/uploads\/2024\/09\/P1000511-768x512.jpg 768w, \/esfzweb\/esfz\/uploads\/2024\/09\/P1000511-1536x1024.jpg 1536w, \/esfzweb\/esfz\/uploads\/2024\/09\/P1000511-2048x1365.jpg 2048w\" sizes=\"auto, (max-width: 1024px) 100vw, 1024px\" \/><\/a><\/figure>\n\n\n\n<p><strong>Miriam W\u00f6rlein<\/strong> (Maria-Ward Gymnasium, N\u00fcrnberg)<\/p>\n","protected":false},"excerpt":{"rendered":"<p>In meinem Projekt habe ich mit einem Fotospektrometer die Ver\u00e4nderung der Farbe des Teewassers \u00fcber l\u00e4ngere Zeit gemessen. Dazu habe ich ein Fotospektrometer und ein Thermometer mit CASS verbunden. Danach habe ich eine Gl\u00fchlampe gegen\u00fcber dem Spektrometer platziert und dazwischen&hellip; <\/p>\n","protected":false},"author":11,"featured_media":0,"comment_status":"closed","ping_status":"closed","sticky":false,"template":"","format":"standard","meta":{"footnotes":""},"categories":[53],"tags":[],"class_list":["post-2673","post","type-post","status-publish","format-standard","hentry","category-forschungscamp-sommer-2024"],"_links":{"self":[{"href":"https:\/\/www.esfz.nat.uni-erlangen.de\/esfzweb\/wp-json\/wp\/v2\/posts\/2673","targetHints":{"allow":["GET"]}}],"collection":[{"href":"https:\/\/www.esfz.nat.uni-erlangen.de\/esfzweb\/wp-json\/wp\/v2\/posts"}],"about":[{"href":"https:\/\/www.esfz.nat.uni-erlangen.de\/esfzweb\/wp-json\/wp\/v2\/types\/post"}],"author":[{"embeddable":true,"href":"https:\/\/www.esfz.nat.uni-erlangen.de\/esfzweb\/wp-json\/wp\/v2\/users\/11"}],"replies":[{"embeddable":true,"href":"https:\/\/www.esfz.nat.uni-erlangen.de\/esfzweb\/wp-json\/wp\/v2\/comments?post=2673"}],"version-history":[{"count":2,"href":"https:\/\/www.esfz.nat.uni-erlangen.de\/esfzweb\/wp-json\/wp\/v2\/posts\/2673\/revisions"}],"predecessor-version":[{"id":2675,"href":"https:\/\/www.esfz.nat.uni-erlangen.de\/esfzweb\/wp-json\/wp\/v2\/posts\/2673\/revisions\/2675"}],"wp:attachment":[{"href":"https:\/\/www.esfz.nat.uni-erlangen.de\/esfzweb\/wp-json\/wp\/v2\/media?parent=2673"}],"wp:term":[{"taxonomy":"category","embeddable":true,"href":"https:\/\/www.esfz.nat.uni-erlangen.de\/esfzweb\/wp-json\/wp\/v2\/categories?post=2673"},{"taxonomy":"post_tag","embeddable":true,"href":"https:\/\/www.esfz.nat.uni-erlangen.de\/esfzweb\/wp-json\/wp\/v2\/tags?post=2673"}],"curies":[{"name":"wp","href":"https:\/\/api.w.org\/{rel}","templated":true}]}}