{"id":1877,"date":"2022-03-04T12:18:52","date_gmt":"2022-03-04T11:18:52","guid":{"rendered":"https:\/\/www.esfz.nat.uni-erlangen.de\/esfzweb\/?p=1877"},"modified":"2022-06-23T19:58:50","modified_gmt":"2022-06-23T17:58:50","slug":"kein-forschungscamp-in-den-osterferien","status":"publish","type":"post","link":"https:\/\/www.esfz.nat.uni-erlangen.de\/esfzweb\/2022\/03\/04\/kein-forschungscamp-in-den-osterferien\/","title":{"rendered":"Kein Forschungscamp in den Osterferien"},"content":{"rendered":"<p>Leider k\u00f6nnen wir nach wie vor wegen der Corona- Bedingungen zur Zeit keine Forschungscamps anbieten. Somit kann auch das Forschungscamp in den Osterferien nicht stattfinden.<\/p>\n<p>Trotzdem m\u00f6chten wir dich weiterhin bestm\u00f6glich bei deinen Projekten unterst\u00fctzen. Mehr Informationen findest unter:<\/p>\n<p><a href=\"https:\/\/www.esfz.nat.uni-erlangen.de\/esfzweb\/2020\/10\/05\/corona-kein-forschungscamp-wir-unterstuetzen-dich-trotzdem\/\" data-type=\"URL\" data-id=\"https:\/\/www.esfz.nat.uni-erlangen.de\/esfzweb\/2020\/10\/05\/corona-kein-forschungscamp-wir-unterstuetzen-dich-trotzdem\/\">Corona \u2013 Was nun? Kein Forschungscamp, aber wir unterst\u00fctzen Dich trotzdem!<\/a><\/p>\n","protected":false},"excerpt":{"rendered":"<p>Leider k\u00f6nnen wir nach wie vor wegen der Corona- Bedingungen zur Zeit keine Forschungscamps anbieten. Somit kann auch das Forschungscamp in den Osterferien nicht stattfinden. Trotzdem m\u00f6chten wir dich weiterhin bestm\u00f6glich bei deinen Projekten unterst\u00fctzen. Mehr Informationen findest unter: Corona&hellip; <\/p>\n","protected":false},"author":9,"featured_media":0,"comment_status":"closed","ping_status":"closed","sticky":false,"template":"","format":"standard","meta":{"footnotes":""},"categories":[1,14],"tags":[],"class_list":["post-1877","post","type-post","status-publish","format-standard","hentry","category-allgemein","category-anmeldung-forschungscamp"],"_links":{"self":[{"href":"https:\/\/www.esfz.nat.uni-erlangen.de\/esfzweb\/wp-json\/wp\/v2\/posts\/1877","targetHints":{"allow":["GET"]}}],"collection":[{"href":"https:\/\/www.esfz.nat.uni-erlangen.de\/esfzweb\/wp-json\/wp\/v2\/posts"}],"about":[{"href":"https:\/\/www.esfz.nat.uni-erlangen.de\/esfzweb\/wp-json\/wp\/v2\/types\/post"}],"author":[{"embeddable":true,"href":"https:\/\/www.esfz.nat.uni-erlangen.de\/esfzweb\/wp-json\/wp\/v2\/users\/9"}],"replies":[{"embeddable":true,"href":"https:\/\/www.esfz.nat.uni-erlangen.de\/esfzweb\/wp-json\/wp\/v2\/comments?post=1877"}],"version-history":[{"count":1,"href":"https:\/\/www.esfz.nat.uni-erlangen.de\/esfzweb\/wp-json\/wp\/v2\/posts\/1877\/revisions"}],"predecessor-version":[{"id":1878,"href":"https:\/\/www.esfz.nat.uni-erlangen.de\/esfzweb\/wp-json\/wp\/v2\/posts\/1877\/revisions\/1878"}],"wp:attachment":[{"href":"https:\/\/www.esfz.nat.uni-erlangen.de\/esfzweb\/wp-json\/wp\/v2\/media?parent=1877"}],"wp:term":[{"taxonomy":"category","embeddable":true,"href":"https:\/\/www.esfz.nat.uni-erlangen.de\/esfzweb\/wp-json\/wp\/v2\/categories?post=1877"},{"taxonomy":"post_tag","embeddable":true,"href":"https:\/\/www.esfz.nat.uni-erlangen.de\/esfzweb\/wp-json\/wp\/v2\/tags?post=1877"}],"curies":[{"name":"wp","href":"https:\/\/api.w.org\/{rel}","templated":true}]}}