{"id":1152,"date":"2018-11-05T21:31:40","date_gmt":"2018-11-05T20:31:40","guid":{"rendered":"https:\/\/www.esfz.nat.uni-erlangen.de\/esfzweb\/?p=1152"},"modified":"2019-03-16T13:56:20","modified_gmt":"2019-03-16T12:56:20","slug":"popsicle-chain-reaction","status":"publish","type":"post","link":"https:\/\/www.esfz.nat.uni-erlangen.de\/esfzweb\/2018\/11\/05\/popsicle-chain-reaction\/","title":{"rendered":"Popsicle Chain Reaction"},"content":{"rendered":"<p>Ich untersuchte die Popsicle Chain Reaction. Eine Popsicle Chain Reaction entsteht, wenn man viele Holzst\u00e4be in einem bestimmten Muster zusammenlegt. Dabei wird elastische Energie gespeichert und beim Ausf\u00fchren der Popsicle Chain Reaction in potentielle Energie umgewandelt. Dadurch springt die Holzst\u00e4be in einer Kobra-Wave (also wie in einer Wellenform) nach oben. Die erste Untersuchung bestand darin, die Energie in einem St\u00e4bchen zum messen. Dabei wird angenommen, dass das Holzst\u00e4bchen sich wie eine Feder verh\u00e4lt. Es wurde eine Maschine gebaut, die die Federkonstante eines Holzst\u00e4bchen messen kann. Nach 10 Versuchsreihen bekamen wir die Federkonstante plus die Fehlerrechnung. Mit der Federkonstante konnten wir nun die Energie errechnen. Wichtig dabei ist, die Auslenkung von einem St\u00e4bchen messen. Nach etwas \u00fcberlegen bin ich zum Entschluss gekommen, dass die Auslenkung zweimal die Dicke eines St\u00e4bchens entspricht, weil ein Stab Kontaktpunkte hat. Mehr Versuche in der Zukunft.<\/p>\n<p><strong>Anthony Engel<\/strong> (Willst\u00e4tter-Gymnasium, N\u00fcrnberg)<\/p>\n","protected":false},"excerpt":{"rendered":"<p>Ich untersuchte die Popsicle Chain Reaction. Eine Popsicle Chain Reaction entsteht, wenn man viele Holzst\u00e4be in einem bestimmten Muster zusammenlegt. Dabei wird elastische Energie gespeichert und beim Ausf\u00fchren der Popsicle Chain Reaction in potentielle Energie umgewandelt. Dadurch springt die Holzst\u00e4be&hellip; <\/p>\n","protected":false},"author":7,"featured_media":0,"comment_status":"closed","ping_status":"closed","sticky":false,"template":"","format":"standard","meta":{"footnotes":""},"categories":[31],"tags":[],"class_list":["post-1152","post","type-post","status-publish","format-standard","hentry","category-forschungscamp-herbst-2018"],"_links":{"self":[{"href":"https:\/\/www.esfz.nat.uni-erlangen.de\/esfzweb\/wp-json\/wp\/v2\/posts\/1152","targetHints":{"allow":["GET"]}}],"collection":[{"href":"https:\/\/www.esfz.nat.uni-erlangen.de\/esfzweb\/wp-json\/wp\/v2\/posts"}],"about":[{"href":"https:\/\/www.esfz.nat.uni-erlangen.de\/esfzweb\/wp-json\/wp\/v2\/types\/post"}],"author":[{"embeddable":true,"href":"https:\/\/www.esfz.nat.uni-erlangen.de\/esfzweb\/wp-json\/wp\/v2\/users\/7"}],"replies":[{"embeddable":true,"href":"https:\/\/www.esfz.nat.uni-erlangen.de\/esfzweb\/wp-json\/wp\/v2\/comments?post=1152"}],"version-history":[{"count":2,"href":"https:\/\/www.esfz.nat.uni-erlangen.de\/esfzweb\/wp-json\/wp\/v2\/posts\/1152\/revisions"}],"predecessor-version":[{"id":1154,"href":"https:\/\/www.esfz.nat.uni-erlangen.de\/esfzweb\/wp-json\/wp\/v2\/posts\/1152\/revisions\/1154"}],"wp:attachment":[{"href":"https:\/\/www.esfz.nat.uni-erlangen.de\/esfzweb\/wp-json\/wp\/v2\/media?parent=1152"}],"wp:term":[{"taxonomy":"category","embeddable":true,"href":"https:\/\/www.esfz.nat.uni-erlangen.de\/esfzweb\/wp-json\/wp\/v2\/categories?post=1152"},{"taxonomy":"post_tag","embeddable":true,"href":"https:\/\/www.esfz.nat.uni-erlangen.de\/esfzweb\/wp-json\/wp\/v2\/tags?post=1152"}],"curies":[{"name":"wp","href":"https:\/\/api.w.org\/{rel}","templated":true}]}}